{"id":555,"date":"2020-05-22T00:20:00","date_gmt":"2020-05-22T00:20:00","guid":{"rendered":"https:\/\/lawngreen-fish-169892.hostingersite.com\/?p=555"},"modified":"2020-06-30T13:26:00","modified_gmt":"2020-06-30T13:26:00","slug":"foro-autismo-en-la-emergencia-economica-social-y-ecologica-perspectivas-socio-juridicas","status":"publish","type":"post","link":"https:\/\/ligautismo.org\/en\/foro-autismo-en-la-emergencia-economica-social-y-ecologica-perspectivas-socio-juridicas\/","title":{"rendered":"Forum &#039;Autism in the economic, social and ecological emergency. Socio-legal perspectives&#039;"},"content":{"rendered":"<p>Our director is the special guest at the Socio-Legal Perspectives Forum that will be held this Saturday, May 23, starting at 9:00 am.<\/p>\n<p>Este evento se realizar\u00e1 en el marco del Semillero de Investigaci\u00f3n Reflexiones Socio &#8211; Jur\u00eddicas Transdiciplinares\u00a0del Consultorio Jur\u00eddico y Centro de Conciliaci\u00f3n de la Facultal\u00a0de Derecho de la Universidad Libre de Colombia. Ser\u00e1\u00a0 un espacio de gran utilidad para las personas con autismo y sus familias, en el que se dar\u00e1n herramientas necesarias en la actual situaci\u00f3n a causa del COVID-19.<\/p>\n<p>\t\t\t\t<img decoding=\"async\" src=\"https:\/\/eruditus.sfo2.digitaloceanspaces.com\/Ligautismo\/PHOTO-2020-05-21-12-47-09-2.jpg\" alt=\"PHOTO-2020-05-21-12-47-09-2\" itemprop=\"image\"  \/><\/p>","protected":false},"excerpt":{"rendered":"<p>Our director is the special guest at the Socio-Legal Perspectives Forum that will be held this Saturday, May 23, starting at 9:00 am. This event will be held within the framework of the Transdisciplinary Socio-Legal Reflections Research Seedbed of the Legal Clinic and Conciliation Center of the Faculty of Law of the Universidad Libre de Colombia.\u2026<\/p>","protected":false},"author":1,"featured_media":560,"comment_status":"closed","ping_status":"closed","sticky":false,"template":"","format":"standard","meta":{"_seopress_robots_primary_cat":"","_seopress_titles_title":"","_seopress_titles_desc":"","_seopress_robots_index":"","footnotes":""},"categories":[17],"tags":[],"class_list":["post-555","post","type-post","status-publish","format-standard","has-post-thumbnail","hentry","category-boletin"],"acf":[],"_links":{"self":[{"href":"https:\/\/ligautismo.org\/en\/wp-json\/wp\/v2\/posts\/555","targetHints":{"allow":["GET"]}}],"collection":[{"href":"https:\/\/ligautismo.org\/en\/wp-json\/wp\/v2\/posts"}],"about":[{"href":"https:\/\/ligautismo.org\/en\/wp-json\/wp\/v2\/types\/post"}],"author":[{"embeddable":true,"href":"https:\/\/ligautismo.org\/en\/wp-json\/wp\/v2\/users\/1"}],"replies":[{"embeddable":true,"href":"https:\/\/ligautismo.org\/en\/wp-json\/wp\/v2\/comments?post=555"}],"version-history":[{"count":0,"href":"https:\/\/ligautismo.org\/en\/wp-json\/wp\/v2\/posts\/555\/revisions"}],"wp:featuredmedia":[{"embeddable":true,"href":"https:\/\/ligautismo.org\/en\/wp-json\/wp\/v2\/media\/560"}],"wp:attachment":[{"href":"https:\/\/ligautismo.org\/en\/wp-json\/wp\/v2\/media?parent=555"}],"wp:term":[{"taxonomy":"category","embeddable":true,"href":"https:\/\/ligautismo.org\/en\/wp-json\/wp\/v2\/categories?post=555"},{"taxonomy":"post_tag","embeddable":true,"href":"https:\/\/ligautismo.org\/en\/wp-json\/wp\/v2\/tags?post=555"}],"curies":[{"name":"wp","href":"https:\/\/api.w.org\/{rel}","templated":true}]}}